{"id":2514,"date":"2026-03-30T10:47:00","date_gmt":"2026-03-30T08:47:00","guid":{"rendered":"https:\/\/www.indufed.be\/?p=2514"},"modified":"2026-04-03T10:52:20","modified_gmt":"2026-04-03T08:52:20","slug":"cartonnage-lammerant-et-indufed-accueillent-le-ministre-federal-jean-luc-crucke","status":"publish","type":"post","link":"https:\/\/www.indufed.be\/fr\/updates\/cartonnage-lammerant-and-indufed-welcome-federal-minister-jean-luc-crucke\/","title":{"rendered":"Cartonnage Lammerant et inDUfed accueillent le ministre f\u00e9d\u00e9ral Jean-Luc Crucke"},"content":{"rendered":"<p>Le 30 mars<sup>th<\/sup>, L'inDUfed a eu le plaisir d'accueillir le ministre de l'Agriculture, de l'Alimentation et des Affaires rurales. <a href=\"https:\/\/www.linkedin.com\/in\/jean-luc-crucke-40354813\/\">Jean-Luc Crucke<\/a> lors d'une visite du site de Cartonnage Lammerant, l'un de nos membres exemplaires en termes d'optimisation des processus, d'innovation et de performance dans le secteur du carton ondul\u00e9.<\/p>\n\n\n\n<p>Cette entreprise familiale d\u00e9montre chaque jour que notre industrie peut allier efficacit\u00e9 industrielle, circularit\u00e9 et r\u00e9utilisation des mat\u00e9riaux et innovation continue.<\/p>\n\n\n\n<p>Cette visite a \u00e9galement \u00e9t\u00e9 l'occasion d'aborder plusieurs d\u00e9fis majeurs auxquels sont confront\u00e9s les secteurs du verre, du papier et du carton, d\u00e9fis qui sont essentiels pour maintenir notre comp\u00e9titivit\u00e9 tout en acc\u00e9l\u00e9rant la transition durable.<\/p>\n\n\n\n<p>Parmi eux :<\/p>\n\n\n\n<p>- l'\u00e9volution des STE et des STE2 ;<\/p>\n\n\n\n<p>- la mise en \u0153uvre efficace du CBAM ;<\/p>\n\n\n\n<p>- l'importance d'une approche r\u00e9aliste du PPWR<\/p>\n\n\n\n<p>- la n\u00e9cessit\u00e9 de clarifier rapidement le cadre entourant les PFAS ;<\/p>\n\n\n\n<p>- le soutien indispensable aux PME<\/p>\n\n\n\n<p>\u00c0 l'inDUfed, nous restons d\u00e9termin\u00e9s \u00e0 faire entendre la voix de nos industries et \u00e0 contribuer \u00e0 un cadre r\u00e9glementaire qui favorise la comp\u00e9titivit\u00e9, la circularit\u00e9 et l'innovation.<\/p>\n\n\n\n<p><\/p>","protected":false},"excerpt":{"rendered":"<p>On March 30th, inDUfed had the pleasure of welcoming Minister Jean-Luc Crucke during a site visit to Cartonnage Lammerant, one of our exemplary members in terms of process optimization, innovation, and performance in the corrugated cardboard sector. This family-owned business demonstrates every day that our industry can combine industrial efficiency, circularity and material reuse and [&hellip;]<\/p>\n","protected":false},"author":3,"featured_media":2517,"comment_status":"closed","ping_status":"closed","sticky":false,"template":"","format":"standard","meta":{"_seopress_robots_primary_cat":"none","_seopress_titles_title":"","_seopress_titles_desc":"","_seopress_robots_index":"","iawp_total_views":6,"footnotes":""},"categories":[1],"tags":[],"class_list":["post-2514","post","type-post","status-publish","format-standard","has-post-thumbnail","hentry","category-updates"],"publishpress_future_action":{"enabled":false,"date":"2026-05-06 21:07:42","action":"change-status","newStatus":"draft","terms":[],"taxonomy":"category","extraData":[]},"publishpress_future_workflow_manual_trigger":{"enabledWorkflows":[]},"_links":{"self":[{"href":"https:\/\/www.indufed.be\/fr\/wp-json\/wp\/v2\/posts\/2514","targetHints":{"allow":["GET"]}}],"collection":[{"href":"https:\/\/www.indufed.be\/fr\/wp-json\/wp\/v2\/posts"}],"about":[{"href":"https:\/\/www.indufed.be\/fr\/wp-json\/wp\/v2\/types\/post"}],"author":[{"embeddable":true,"href":"https:\/\/www.indufed.be\/fr\/wp-json\/wp\/v2\/users\/3"}],"replies":[{"embeddable":true,"href":"https:\/\/www.indufed.be\/fr\/wp-json\/wp\/v2\/comments?post=2514"}],"version-history":[{"count":1,"href":"https:\/\/www.indufed.be\/fr\/wp-json\/wp\/v2\/posts\/2514\/revisions"}],"predecessor-version":[{"id":2518,"href":"https:\/\/www.indufed.be\/fr\/wp-json\/wp\/v2\/posts\/2514\/revisions\/2518"}],"wp:featuredmedia":[{"embeddable":true,"href":"https:\/\/www.indufed.be\/fr\/wp-json\/wp\/v2\/media\/2517"}],"wp:attachment":[{"href":"https:\/\/www.indufed.be\/fr\/wp-json\/wp\/v2\/media?parent=2514"}],"wp:term":[{"taxonomy":"category","embeddable":true,"href":"https:\/\/www.indufed.be\/fr\/wp-json\/wp\/v2\/categories?post=2514"},{"taxonomy":"post_tag","embeddable":true,"href":"https:\/\/www.indufed.be\/fr\/wp-json\/wp\/v2\/tags?post=2514"}],"curies":[{"name":"wp","href":"https:\/\/api.w.org\/{rel}","templated":true}]}}